{"id":5787,"date":"2024-06-24T10:48:23","date_gmt":"2024-06-24T10:48:23","guid":{"rendered":"https:\/\/blogs.deusto.es\/viviendodeusto\/?p=5787"},"modified":"2024-08-30T08:22:39","modified_gmt":"2024-08-30T08:22:39","slug":"braulio-gomez-buenos-expertos-buenos-politicos","status":"publish","type":"post","link":"https:\/\/blogs.deusto.es\/viviendodeusto\/2024\/06\/24\/braulio-gomez-buenos-expertos-buenos-politicos\/","title":{"rendered":"Braulio G\u00f3mez: \u00abBuenos expertos, \u00bfbuenos pol\u00edticos?\u00bb"},"content":{"rendered":"\n<p><strong>Art\u00edculo publicado en El Correo (24\/06\/2024)<\/strong><\/p>\n\n\n<div class=\"wp-block-image\">\n<figure class=\"alignleft size-full\"><img decoding=\"async\" width=\"220\" height=\"85\" src=\"https:\/\/blogs.deusto.es\/wp-content\/uploads\/sites\/78\/2022\/09\/Braulio-Gomez.jpg\" alt=\"Braulio G\u00f3mez\" class=\"wp-image-295\"\/><figcaption class=\"wp-element-caption\">Polit\u00f3logo<\/figcaption><\/figure>\n<\/div>\n\n\n<p>El lehendakari Pradales ha dejado claro con la elecci\u00f3n de sus consejeros y consejeras que apuesta m\u00e1s por el cambio que por la continuidad, que prefiere arriesgar que conformarse y que va a buscar refrescar la marca PNV con m\u00e1s gesti\u00f3n que pol\u00edtica. Todos los miembros del Gobierno que depend\u00edan de su decisi\u00f3n son nuevos menos dos que tambi\u00e9n se reinventan para esta nueva legislatura. Por un lado, Bingen Zupiria pondr\u00e1 a prueba su consensuada buena reputaci\u00f3n en la dif\u00edcil direcci\u00f3n del Departamento de Seguridad y por otro, Nerea Melgosa ser\u00e1 la responsable de la estrategia intergeneracional con sus nuevas competencias de Juventud y Reto Demogr\u00e1fico. El departamento que m\u00e1s gasta y el que tiene m\u00e1s problemas seg\u00fan la ciudadan\u00eda, Osakidetza, lo dirigir\u00e1 un profesional sanitario. La consejer\u00eda que controla el gasto la dirigir\u00e1 un experto que viene de la empresa privada.<\/p>\n\n\n\n<p>El Partido Socialista de Euskadi ha optado por vincular el mandato popular y su tendencia ascendente en la sociedad vasca reflejada en el \u00faltimo ciclo electoral a la generaci\u00f3n de un espacio pol\u00edtico propio dentro del Gobierno de coalici\u00f3n colocando a pol\u00edticos experimentados y, sobre todo, dando el mayor espacio a otro pol\u00edtico de buena reputaci\u00f3n consensuada como el alcalde de Portugalete, Mikel Torres, que ser\u00e1 el responsable de la estrategia econ\u00f3mica del nuevo Ejecutivo auton\u00f3mico y que aportar\u00e1 su reconocida capacidad para llegar a acuerdos con diferentes y su experiencia de gestor p\u00fablico.<\/p>\n\n\n\n<p>La apuesta del lehendakari Pradales por delegar en expertos y gestores su futuro pol\u00edtico depender\u00e1 en buena medida de la qu\u00edmica que genere su propio liderazgo para que su equipo, en el que predominan expertos, doctores y gestores, coopere y genere una energ\u00eda transversal compartida para llevar adelante las pol\u00edticas complejas que requieren de la colaboraci\u00f3n de todas las \u00e1reas de gobierno. Y tambi\u00e9n depender\u00e1 de la capacidad de adaptaci\u00f3n que tengan los perfiles m\u00e1s ajenos al oficio pol\u00edtico.<\/p>\n\n\n\n<p>A pesar de lo dif\u00edcil que es encontrar ejemplos de buenos profesionales independientes transformados en grandes pol\u00edticos, la opini\u00f3n p\u00fablica y los medios de comunicaci\u00f3n no se cansan de amplificar las bondades intr\u00ednsecas asociadas a que los pol\u00edticos hayan sido previamente destacados profesionales en su campo de especializaci\u00f3n al mismo tiempo que se ensa\u00f1an virulentamente con los que no han hecho otra cosa en su vida que estar en pol\u00edtica, como si esto fuera poca cosa. M\u00e1s all\u00e1 de la capacidad intelectual, la habilidad t\u00e9cnica o el conocimiento cient\u00edfico, el ejercicio de la actividad pol\u00edtica requiere de algunos atributos como la capacidad de negociar y forjar nuevas mayor\u00edas y alianzas con personas de todo tipo y condici\u00f3n, algo consustancial al oficio pol\u00edtico.<\/p>\n\n\n\n<p>La soluci\u00f3n a los problemas relacionados con la desconfianza hacia la clase pol\u00edtica no es f\u00e1cil, pero yo ser\u00eda m\u00e1s cauteloso con los elogios a los expertos independientes y su capacidad para aportar alg\u00fan valor a\u00f1adido al ejercicio de la pol\u00edtica y m\u00e1s generoso con los pol\u00edticos profesionales que han querido dedicar toda su vida al servicio p\u00fablico.<\/p>\n","protected":false},"excerpt":{"rendered":"<p>Art\u00edculo publicado en El Correo (24\/06\/2024) El lehendakari Pradales ha dejado claro con la elecci\u00f3n de sus consejeros y consejeras que apuesta m\u00e1s por el cambio que por la continuidad, que prefiere arriesgar que conformarse y que va a buscar refrescar la marca PNV con m\u00e1s gesti\u00f3n que pol\u00edtica. Todos los miembros del Gobierno que [&hellip;]<\/p>\n","protected":false},"author":515,"featured_media":150,"comment_status":"open","ping_status":"open","sticky":false,"template":"","format":"standard","meta":{"_genesis_hide_title":false,"_genesis_hide_breadcrumbs":false,"_genesis_hide_singular_image":false,"_genesis_hide_footer_widgets":false,"_genesis_custom_body_class":"","_genesis_custom_post_class":"","_genesis_layout":"","footnotes":""},"categories":[37,11],"tags":[94],"class_list":{"0":"post-5787","1":"post","2":"type-post","3":"status-publish","4":"format-standard","5":"has-post-thumbnail","7":"category-opinion","8":"category-voces-expertas","9":"tag-braulio-gomez","10":"entry"},"_links":{"self":[{"href":"https:\/\/blogs.deusto.es\/viviendodeusto\/wp-json\/wp\/v2\/posts\/5787","targetHints":{"allow":["GET"]}}],"collection":[{"href":"https:\/\/blogs.deusto.es\/viviendodeusto\/wp-json\/wp\/v2\/posts"}],"about":[{"href":"https:\/\/blogs.deusto.es\/viviendodeusto\/wp-json\/wp\/v2\/types\/post"}],"author":[{"embeddable":true,"href":"https:\/\/blogs.deusto.es\/viviendodeusto\/wp-json\/wp\/v2\/users\/515"}],"replies":[{"embeddable":true,"href":"https:\/\/blogs.deusto.es\/viviendodeusto\/wp-json\/wp\/v2\/comments?post=5787"}],"version-history":[{"count":1,"href":"https:\/\/blogs.deusto.es\/viviendodeusto\/wp-json\/wp\/v2\/posts\/5787\/revisions"}],"predecessor-version":[{"id":5788,"href":"https:\/\/blogs.deusto.es\/viviendodeusto\/wp-json\/wp\/v2\/posts\/5787\/revisions\/5788"}],"wp:featuredmedia":[{"embeddable":true,"href":"https:\/\/blogs.deusto.es\/viviendodeusto\/wp-json\/wp\/v2\/media\/150"}],"wp:attachment":[{"href":"https:\/\/blogs.deusto.es\/viviendodeusto\/wp-json\/wp\/v2\/media?parent=5787"}],"wp:term":[{"taxonomy":"category","embeddable":true,"href":"https:\/\/blogs.deusto.es\/viviendodeusto\/wp-json\/wp\/v2\/categories?post=5787"},{"taxonomy":"post_tag","embeddable":true,"href":"https:\/\/blogs.deusto.es\/viviendodeusto\/wp-json\/wp\/v2\/tags?post=5787"}],"curies":[{"name":"wp","href":"https:\/\/api.w.org\/{rel}","templated":true}]}}