{"id":7916,"date":"2024-11-11T09:11:12","date_gmt":"2024-11-11T09:11:12","guid":{"rendered":"https:\/\/blogs.deusto.es\/viviendodeusto\/?p=7916"},"modified":"2024-11-11T09:14:13","modified_gmt":"2024-11-11T09:14:13","slug":"braulio-gomez-liderazgo-climatico","status":"publish","type":"post","link":"https:\/\/blogs.deusto.es\/viviendodeusto\/2024\/11\/11\/braulio-gomez-liderazgo-climatico\/","title":{"rendered":"Braulio G\u00f3mez: \u00abLiderazgo clim\u00e1tico\u00bb"},"content":{"rendered":"\n<p><strong>Art\u00edculo publicado en El Correo (11\/11\/2024)<\/strong><\/p>\n\n\n<div class=\"wp-block-image\">\n<figure class=\"alignleft size-full\"><img decoding=\"async\" width=\"220\" height=\"85\" src=\"https:\/\/blogs.deusto.es\/wp-content\/uploads\/sites\/78\/2022\/09\/Braulio-Gomez.jpg\" alt=\"Braulio G\u00f3mez\" class=\"wp-image-295\"\/><figcaption class=\"wp-element-caption\">Polit\u00f3logo<\/figcaption><\/figure>\n<\/div>\n\n\n<p>Es una evidencia compartida por cient\u00edficos e instituciones p\u00fablicas que la dana extrema que ha causado m\u00e1s de 200 muertos en la Comunidad Valenciana est\u00e1 relacionada con la subida de la temperatura, tanto de la atm\u00f3sfera como del mar. Hay m\u00e1s factores, pero la prospectiva de escenarios futuros nos sit\u00faa ante un incremento de las probabilidades de eventos naturales extremos y catastr\u00f3ficos en todo el planeta, incluido Euskadi. <\/p>\n\n\n\n<p>Seg\u00fan una encuesta del Observatorio Klima de la Fundaci\u00f3n BBK, el 83% de la ciudadan\u00eda vasca est\u00e1 muy preocupada por los efectos del cambio clim\u00e1tica. El 85% cree que estamos a tiempo de actuar. Y el 92% piensa que desde los distintos gobiernos se pueden poner en marcha pol\u00edticas que contribuyan a la descarbonizaci\u00f3n. Una ciudadan\u00eda predispuesta para un liderazgo institucional verde.<\/p>\n\n\n\n<p>Se agradecen los reflejos que ha tenido el Gobierno vasco reconociendo que revisar\u00e1 la normativa y reforzar\u00e1 el sistema de emergencias tras las inundaciones en Valencia y planteando en los Presupuestos pol\u00edticas para mejorar la prevenci\u00f3n ante posibles cat\u00e1strofes naturales. Pero se echa de menos que no se est\u00e9 aprovechando la oportunidad para impulsar y poner en el centro de la agenda p\u00fablica la crisis clim\u00e1tica. Porque el cambio clim\u00e1tico mata y continuar\u00e1 matando personas, y desde las instituciones vascas se puede trabajar para cristalizar ese necesario cambio de mentalidad en nuestra identidad y en los valores compartidos de nuestra comunidad.<\/p>\n\n\n\n<p>Desde el Gobierno vasco se podr\u00eda aprovechar para intensificar y acelerar las pol\u00edticas que contempla la Ley de Transici\u00f3n Energ\u00e9tica y Cambio Clim\u00e1tico, que fue aprobada este a\u00f1o con el apoyo del 82% del Parlamento. Uno de los puntos clave de esta ley es el despliegue de las infraestructuras renovables para la transici\u00f3n hacia unas energ\u00edas limpias. Las renovables constituyen una pieza clave en la estrategia para mitigar la crisis clim\u00e1tica. El Gobierno vasco tiene el bot\u00f3n que activa el despliegue y para ello ser\u00eda deseable que los principales partidos que tienen poder municipal en Euskadi, fundamentalmente PNV y EH Bildu, llegaran a un acuerdo por el que obligaran a sus l\u00edderes locales a colaborar y no hacer populismo e\u00f3lico o fotovoltaico para ganar votos a costa de posiciones reaccionarias que debilitan el desarrollo de una visi\u00f3n compartida de pa\u00eds. La justificada urgencia del despliegue de estas infraestructuras convierte en irresponsabilidad pol\u00edtica cualquier oposici\u00f3n local en un marco legal tan garantista con los derechos ambientales como el vasco.<\/p>\n\n\n\n<p>Y si la colaboraci\u00f3n de la ciudadan\u00eda es fundamental, la negociaci\u00f3n de los nuevos Presupuestos ser\u00eda una buena oportunidad para incrementar el Presupuesto de Ihobe para que m\u00e1s all\u00e1 de sus necesarios programas para descarbonizar la industria y reforzar la econom\u00eda circular, multiplicara su capacidad para llegar a la ciudadan\u00eda a trav\u00e9s de su red de Ekoetxeas que se deber\u00edan expandir por todo el territorio. Una medida viable para ayudar a cristalizar la sensibilidad clim\u00e1tica y los h\u00e1bitos sostenibles dificultando as\u00ed cualquier tentaci\u00f3n partidista. <\/p>\n","protected":false},"excerpt":{"rendered":"<p>Art\u00edculo publicado en El Correo (11\/11\/2024) Es una evidencia compartida por cient\u00edficos e instituciones p\u00fablicas que la dana extrema que ha causado m\u00e1s de 200 muertos en la Comunidad Valenciana est\u00e1 relacionada con la subida de la temperatura, tanto de la atm\u00f3sfera como del mar. Hay m\u00e1s factores, pero la prospectiva de escenarios futuros nos [&hellip;]<\/p>\n","protected":false},"author":515,"featured_media":150,"comment_status":"open","ping_status":"open","sticky":false,"template":"","format":"standard","meta":{"_genesis_hide_title":false,"_genesis_hide_breadcrumbs":false,"_genesis_hide_singular_image":false,"_genesis_hide_footer_widgets":false,"_genesis_custom_body_class":"","_genesis_custom_post_class":"","_genesis_layout":"","footnotes":""},"categories":[37,11],"tags":[94],"class_list":{"0":"post-7916","1":"post","2":"type-post","3":"status-publish","4":"format-standard","5":"has-post-thumbnail","7":"category-opinion","8":"category-voces-expertas","9":"tag-braulio-gomez","10":"entry"},"_links":{"self":[{"href":"https:\/\/blogs.deusto.es\/viviendodeusto\/wp-json\/wp\/v2\/posts\/7916","targetHints":{"allow":["GET"]}}],"collection":[{"href":"https:\/\/blogs.deusto.es\/viviendodeusto\/wp-json\/wp\/v2\/posts"}],"about":[{"href":"https:\/\/blogs.deusto.es\/viviendodeusto\/wp-json\/wp\/v2\/types\/post"}],"author":[{"embeddable":true,"href":"https:\/\/blogs.deusto.es\/viviendodeusto\/wp-json\/wp\/v2\/users\/515"}],"replies":[{"embeddable":true,"href":"https:\/\/blogs.deusto.es\/viviendodeusto\/wp-json\/wp\/v2\/comments?post=7916"}],"version-history":[{"count":1,"href":"https:\/\/blogs.deusto.es\/viviendodeusto\/wp-json\/wp\/v2\/posts\/7916\/revisions"}],"predecessor-version":[{"id":7917,"href":"https:\/\/blogs.deusto.es\/viviendodeusto\/wp-json\/wp\/v2\/posts\/7916\/revisions\/7917"}],"wp:featuredmedia":[{"embeddable":true,"href":"https:\/\/blogs.deusto.es\/viviendodeusto\/wp-json\/wp\/v2\/media\/150"}],"wp:attachment":[{"href":"https:\/\/blogs.deusto.es\/viviendodeusto\/wp-json\/wp\/v2\/media?parent=7916"}],"wp:term":[{"taxonomy":"category","embeddable":true,"href":"https:\/\/blogs.deusto.es\/viviendodeusto\/wp-json\/wp\/v2\/categories?post=7916"},{"taxonomy":"post_tag","embeddable":true,"href":"https:\/\/blogs.deusto.es\/viviendodeusto\/wp-json\/wp\/v2\/tags?post=7916"}],"curies":[{"name":"wp","href":"https:\/\/api.w.org\/{rel}","templated":true}]}}