{"id":8525,"date":"2025-03-03T11:30:45","date_gmt":"2025-03-03T11:30:45","guid":{"rendered":"https:\/\/blogs.deusto.es\/viviendodeusto\/?p=8525"},"modified":"2025-03-03T15:38:48","modified_gmt":"2025-03-03T15:38:48","slug":"inmaculada-freije-antonio-freije-y-pello-gutierrez-freije-si-el-jefe-solo-busca-resultados-podria-sustituirle-una-ia","status":"publish","type":"post","link":"https:\/\/blogs.deusto.es\/viviendodeusto\/2025\/03\/03\/inmaculada-freije-antonio-freije-y-pello-gutierrez-freije-si-el-jefe-solo-busca-resultados-podria-sustituirle-una-ia\/","title":{"rendered":"Inmaculada Freije, Antonio Freije y Pello Guti\u00e9rrez Freije: \u00abSi el jefe solo busca resultados, \u00bfpodr\u00eda sustituirle una IA?\u00bb"},"content":{"rendered":"\n<p><strong>Art\u00edculo publicado en The Conversation (25\/02\/2025)<\/strong><\/p>\n\n\n<div class=\"wp-block-image\">\n<figure class=\"alignleft size-full\"><img decoding=\"async\" width=\"220\" height=\"85\" src=\"https:\/\/blogs.deusto.es\/wp-content\/uploads\/sites\/78\/2025\/03\/Freijes.jpg\" alt=\"\" class=\"wp-image-8542\"\/><figcaption class=\"wp-element-caption\">Inmaculada Freije y Antonio Freije, de Deusto Business School, y Pello Gutierrez Freije, investigador de Deusto Stress Research<\/figcaption><\/figure>\n<\/div>\n\n\n<p><a href=\"https:\/\/theconversation.com\/institutions\/universidad-de-deusto-2531\"><\/a>No se puede dirigir un equipo de trabajo solo con empat\u00eda. Una empresa no es un club social y el mercado es implacable. Ser competitivo es imprescindible para mantenerse en el mercado y para la supervivencia del proyecto.<\/p>\n\n\n\n<p>Lo mismo ocurre en el caso contrario. Centrarse s\u00f3lo en los resultados har\u00e1 que no haya implicaci\u00f3n ni motivaci\u00f3n por parte del equipo. Eso conducir\u00e1 a resultados peores de lo esperado, lo que, a la larga, tambi\u00e9n impedir\u00e1 la supervivencia del proyecto.<\/p>\n\n\n\n<p>Por tanto, la clave est\u00e1 en la integraci\u00f3n de los dos aspectos: hay que conseguir resultados (sin ellos no hay futuro posible) pero considerando a las personas que trabajan por conseguirlos, su situaci\u00f3n, sus motivaciones, sus preocupaciones. Es decir, con empat\u00eda.<\/p>\n\n\n\n<p>Esto ocurre en todos los niveles de direcci\u00f3n y claramente en la direcci\u00f3n estrat\u00e9gica.<\/p>\n\n\n\n<h2 class=\"wp-block-heading\">Qu\u00e9 es la empat\u00eda y de qu\u00e9 tipos hay<\/h2>\n\n\n\n<p>A pesar de que&nbsp;<a href=\"https:\/\/doi.org\/10.12804\/apl32.1.2014.03\">no existe una \u00fanica definici\u00f3n de empat\u00eda<\/a>, esta puede definirse, b\u00e1sicamente, como la capacidad de comprender y compartir los sentimientos ajenos. Se compone de&nbsp;<a href=\"https:\/\/www.redalyc.org\/journal\/180\/18062047001\/html\/\">dos dimensiones principales<\/a>: la empat\u00eda afectiva o emocional y la empat\u00eda cognitiva.<\/p>\n\n\n\n<p>La empat\u00eda afectiva se refiere a la capacidad de experimentar una respuesta emocional similar a la de otra persona, lo que se conoce como contagio emocional o sinton\u00eda afectiva. La empat\u00eda cognitiva implica la habilidad de adoptar el punto de vista del otro.<\/p>\n\n\n\n<p>Aunque la empat\u00eda, junto con otras habilidades emocionales, es una caracter\u00edstica imprescindible en la interacci\u00f3n humana y&nbsp;<a href=\"https:\/\/link.springer.com\/chapter\/10.1007\/978-3-030-60060-0_6\">el liderazgo<\/a>, tambi\u00e9n supone dificultades.<\/p>\n\n\n\n<p>Nuestra capacidad emp\u00e1tica est\u00e1 influenciada por el individualismo, ya que percibimos y respondemos a los dem\u00e1s desde nuestra experiencia personal, nuestra perspectiva y nuestro estado de \u00e1nimo. Esto implica un enfoque sesgado, que favorece la conexi\u00f3n con quienes identificamos como parte de&nbsp;<em>los nuestros<\/em>&nbsp;y puede&nbsp;<a href=\"https:\/\/doi.org\/10.1017\/S0003055419000534\">intensificar el conflicto<\/a>&nbsp;con&nbsp;<em>los otros<\/em>.<\/p>\n\n\n\n<p>Hay otro tipo de empat\u00eda que est\u00e1 ganando terreno en el mundo de la psicolog\u00eda: la&nbsp;<a href=\"https:\/\/doi.org\/10.1177\/0269216316663499\">compasiva<\/a>, que combina elementos de la modalidad afectiva y la cognitiva, y se refiere a la capacidad de, adem\u00e1s de comprender y compartir los sentimientos de los otros, actuar para aliviar su sufrimiento.<\/p>\n\n\n\n<h2 class=\"wp-block-heading\">En la empresa, \u00bfbasta con la empat\u00eda cognitiva?<\/h2>\n\n\n\n<p>Tradicionalmente, los estilos de direcci\u00f3n se han clasificado seg\u00fan la importancia que da el directivo a los resultados esperados y a la gesti\u00f3n de las personas. Por ejemplo, la&nbsp;<a href=\"https:\/\/intapi.sciendo.com\/pdf\/10.2478\/kbo-2021-0037\">matriz de Blake y Mouton<\/a>&nbsp;permite conocer el estilo de liderazgo y las fortalezas y debilidades del directivo como l\u00edder.<\/p>\n\n\n\n<p>Robert Blake y Jane Mouton \u2013que desarrollaron su modelo a principios de la d\u00e9cada de 1960\u2013 distinguieron los estilos de direcci\u00f3n en base a dos ejes: el inter\u00e9s por los resultados y el inter\u00e9s por las personas.<\/p>\n\n\n\n<p>El directivo preocupado por las personas quiere entender a su equipo, que trabaje a gusto y est\u00e9 motivado para participar y colaborar con el grupo. Por el contrario, el directivo movido por los resultados s\u00f3lo busca cumplir con los objetivos marcados por la organizaci\u00f3n. No dedica tiempo ni esfuerzo a implicar y motivar a las personas de su equipo, sino que utilizar\u00e1 herramientas como el autoritarismo o los incentivos econ\u00f3micos.<\/p>\n\n\n\n<p>La direcci\u00f3n exige una empat\u00eda cognitiva y racional, que entienda bien a las partes pero que evite implicarse demasiado personal o emocionalmente, para tratar de conseguir resultados sin tomar partido de forma desequilibrada. Pero a la hora de&nbsp;<a href=\"https:\/\/link.springer.com\/chapter\/10.1007\/978-3-030-60060-0_6\">motivar a las personas en la b\u00fasqueda de esos resultados, las emociones son necesarias<\/a>. Por eso, a veces, tambi\u00e9n se requiere de la empat\u00eda compasiva.<\/p>\n\n\n\n<h2 class=\"wp-block-heading\">\u00bfUna inteligencia artificial emp\u00e1tica?<\/h2>\n\n\n\n<p>Dado que la empat\u00eda es fundamental en las relaciones humanas, la inteligencia artificial (IA)&nbsp;<a href=\"https:\/\/utsc.utoronto.ca\/news-events\/breaking-research\/ai-judged-be-more-compassionate-expert-crisis-responders-new-study-finds\">es capaz de mostrarse emp\u00e1tica<\/a>. Gracias a su entrenamiento puede reconocer emociones, deducirlas de las palabras, del tono, del contexto. As\u00ed, puede generar respuestas en las que utiliza expresiones de cercan\u00eda, cuidado y comprensi\u00f3n. En el uso de&nbsp;<em>chatbots<\/em>, estas reacciones, al parecer humanas,&nbsp;<a href=\"https:\/\/doi.org\/10.6018\/turismo.541891\">mejoran la interacci\u00f3n<\/a>&nbsp;y la capacidad de cumplir con las expectativas del usuario.<\/p>\n\n\n\n<p>As\u00ed, una inteligencia artificial con una programaci\u00f3n de empat\u00eda adecuada, \u00e9tica y moralmente regulada, \u00bfpodr\u00eda aportar la efectividad y equilibrio que se busca para la gesti\u00f3n empresarial?<\/p>\n\n\n\n<h2 class=\"wp-block-heading\">Ni genuina ni aut\u00e9ntica<\/h2>\n\n\n\n<p>La cuesti\u00f3n es que la IA&nbsp;<em>parece<\/em>&nbsp;emp\u00e1tica pero&nbsp;<em>no<\/em>&nbsp;lo es. Solo lo simula porque eso es efectivo. Una inteligencia artificial no puede sentir emociones, solo puede comportarse de manera&nbsp;<em>adecuada<\/em>&nbsp;frente a las emociones detectadas. No es genuina y la autenticidad es b\u00e1sica en la eficiencia de la empat\u00eda. Primero, porque nos importa que el otro nos entienda. Y segundo, porque la empat\u00eda (especialmente la compasiva) mueve a la acci\u00f3n.<\/p>\n\n\n\n<p>Adem\u00e1s, se deben considerar todos los&nbsp;<a href=\"https:\/\/assets.publishing.service.gov.uk\/media\/679a0c48a77d250007d313ee\/International_AI_Safety_Report_2025_accessible_f.pdf\">riesgos asociados a la IA<\/a>&nbsp;(uso malicioso, mal funcionamiento de la tecnolog\u00eda, fallos de seguridad), aunque algunos se ir\u00e1n reduciendo con el tiempo.<\/p>\n\n\n\n<p>La responsabilidad de las decisiones est\u00e1 en quien las toma. Las empresas se deben ayudar de las herramientas m\u00e1s eficientes que est\u00e9n a su alcance, pero deben asegurarse de que estas son pertinentes y moralmente adecuadas. La IA puede ser un asistente para el directivo, pero deber\u00e1 ser \u00e9l quien tome las decisiones y responda por ellas.<\/p>\n","protected":false},"excerpt":{"rendered":"<p>Art\u00edculo publicado en The Conversation (25\/02\/2025) No se puede dirigir un equipo de trabajo solo con empat\u00eda. Una empresa no es un club social y el mercado es implacable. Ser competitivo es imprescindible para mantenerse en el mercado y para la supervivencia del proyecto. Lo mismo ocurre en el caso contrario. Centrarse s\u00f3lo en los [&hellip;]<\/p>\n","protected":false},"author":515,"featured_media":8545,"comment_status":"open","ping_status":"open","sticky":false,"template":"","format":"standard","meta":{"_genesis_hide_title":false,"_genesis_hide_breadcrumbs":false,"_genesis_hide_singular_image":false,"_genesis_hide_footer_widgets":false,"_genesis_custom_body_class":"","_genesis_custom_post_class":"","_genesis_layout":"","footnotes":""},"categories":[37,11],"tags":[216,215,217],"class_list":{"0":"post-8525","1":"post","2":"type-post","3":"status-publish","4":"format-standard","5":"has-post-thumbnail","7":"category-opinion","8":"category-voces-expertas","9":"tag-antonio-freije","10":"tag-inmaculada-freije","11":"tag-pello-gutierrez-freije","12":"entry"},"_links":{"self":[{"href":"https:\/\/blogs.deusto.es\/viviendodeusto\/wp-json\/wp\/v2\/posts\/8525","targetHints":{"allow":["GET"]}}],"collection":[{"href":"https:\/\/blogs.deusto.es\/viviendodeusto\/wp-json\/wp\/v2\/posts"}],"about":[{"href":"https:\/\/blogs.deusto.es\/viviendodeusto\/wp-json\/wp\/v2\/types\/post"}],"author":[{"embeddable":true,"href":"https:\/\/blogs.deusto.es\/viviendodeusto\/wp-json\/wp\/v2\/users\/515"}],"replies":[{"embeddable":true,"href":"https:\/\/blogs.deusto.es\/viviendodeusto\/wp-json\/wp\/v2\/comments?post=8525"}],"version-history":[{"count":3,"href":"https:\/\/blogs.deusto.es\/viviendodeusto\/wp-json\/wp\/v2\/posts\/8525\/revisions"}],"predecessor-version":[{"id":8547,"href":"https:\/\/blogs.deusto.es\/viviendodeusto\/wp-json\/wp\/v2\/posts\/8525\/revisions\/8547"}],"wp:featuredmedia":[{"embeddable":true,"href":"https:\/\/blogs.deusto.es\/viviendodeusto\/wp-json\/wp\/v2\/media\/8545"}],"wp:attachment":[{"href":"https:\/\/blogs.deusto.es\/viviendodeusto\/wp-json\/wp\/v2\/media?parent=8525"}],"wp:term":[{"taxonomy":"category","embeddable":true,"href":"https:\/\/blogs.deusto.es\/viviendodeusto\/wp-json\/wp\/v2\/categories?post=8525"},{"taxonomy":"post_tag","embeddable":true,"href":"https:\/\/blogs.deusto.es\/viviendodeusto\/wp-json\/wp\/v2\/tags?post=8525"}],"curies":[{"name":"wp","href":"https:\/\/api.w.org\/{rel}","templated":true}]}}